{"id":2806,"date":"2022-09-05T08:56:07","date_gmt":"2022-09-05T06:56:07","guid":{"rendered":"https:\/\/denkmal-berlin.de\/2023\/?p=2806"},"modified":"2023-10-09T17:37:30","modified_gmt":"2023-10-09T15:37:30","slug":"jugendforum-denkmal-2023","status":"publish","type":"post","link":"https:\/\/denkmal-berlin.de\/jugendforum\/jugendforum-denkmal-2023\/","title":{"rendered":"Motto und Motiv zum Jugendforum denk!mal 2023"},"content":{"rendered":"<p>Die Vorbereitungen laufen f\u00fcr eine neue Ausgabe vom Jugendforum denk!mal. Das Motto im Jahr 2023 lautet:<\/p>\n<p><strong>&#8222;Man darf nicht nur dagegen sein, man muss etwas tun.&#8220;<\/strong><\/p>\n<p><strong>Zum Motto<\/strong><br \/>\nUnser diesj\u00e4hriges Motto dreht sich um die Widerstandsgruppe &#8222;Wei\u00dfe Rose&#8220;. Im Jahr 1942 findet sich um Hans Scholl und Alexander Schmorell eine Gruppe von Studierenden an der M\u00fcnchener Universit\u00e4t zusammen, die aus humanistischen Motiven und in Form von Flugbl\u00e4ttern zum Widerstand gegen den Nationalsozialismus aufruft. Zur Gruppe geh\u00f6ren ebenfalls Sophie Scholl, Christoph Probst und Willi Graf, ein enger Kontakt besteht zum Hochschullehrer  Kurt Huber. Bei der Verteilung des sechsten Flugblattes am 18. Februar 1943 werden Hans und Sophie Scholl festgenommen und bereits wenige Tage sp\u00e4ter, gemeinsam mit Christoph Probst, zum Tode verurteilt und ermordet. Noch im selben Jahr verurteilt der \u201eVolksgerichtshof\u201c auch Alexander Schmorell, Willi Graf und Kurt Huber zum Tode sowie andere Mitwissende zu langj\u00e4hrigen Haftstrafen.<\/p>\n<p>Auch 80 Jahre sp\u00e4ter steht das Wirken der &#8222;Wei\u00dfen Rose&#8220; f\u00fcr den Mut und die humanistischen  Werte von jungen Menschen im Widerstand gegen die nationalsozialistische Diktatur. Gemeinsam m\u00f6chten wir mit euch der Mitglieder der Wei\u00dfen Rose und aller Opfer  des Nationalsozialismus gedenken.<\/p>\n<p><strong>Zum Motiv<\/strong><br \/>\nDas Jugendforum wird au\u00dferdem 20 Jahre alt und mit dem diesj\u00e4hrigen Motiv m\u00f6chten wir die Vielfalt eurer Projekte und Ideen der letzten 20 Jahre abbilden.<\/p>\n<p>Wir freuen uns schon jetzt auf eure Anmeldungen f\u00fcr die neue Runde!<\/p>\n<p>Alle wichtigen Infos zum Jugendforum denk!mal 2023 findet ihr hier auf der Webseite und auf der <a href=\"https:\/\/www.parlament-berlin.de\/deinagh\/fuer-jugendliche\/jugendforum-denk-mal\" rel=\"noopener\" target=\"_blank\">Parlamentswebseite des Abgeordnetenhauses<\/a>.<\/p>\n","protected":false},"excerpt":{"rendered":"<p>Die Vorbereitungen laufen f\u00fcr eine neue Ausgabe vom Jugendforum denk!mal. Das Motto im Jahr 2023 lautet: &#8222;Man darf<span class=\"excerpt_more\">weiterlesen&#8230;<\/span><\/p>\n","protected":false},"author":52,"featured_media":2862,"comment_status":"closed","ping_status":"open","sticky":false,"template":"","format":"standard","meta":{"footnotes":""},"categories":[37],"tags":[],"class_list":["post-2806","post","type-post","status-publish","format-standard","has-post-thumbnail","hentry","category-denkmal-2023"],"_links":{"self":[{"href":"https:\/\/denkmal-berlin.de\/jugendforum\/wp-json\/wp\/v2\/posts\/2806","targetHints":{"allow":["GET"]}}],"collection":[{"href":"https:\/\/denkmal-berlin.de\/jugendforum\/wp-json\/wp\/v2\/posts"}],"about":[{"href":"https:\/\/denkmal-berlin.de\/jugendforum\/wp-json\/wp\/v2\/types\/post"}],"author":[{"embeddable":true,"href":"https:\/\/denkmal-berlin.de\/jugendforum\/wp-json\/wp\/v2\/users\/52"}],"replies":[{"embeddable":true,"href":"https:\/\/denkmal-berlin.de\/jugendforum\/wp-json\/wp\/v2\/comments?post=2806"}],"version-history":[{"count":0,"href":"https:\/\/denkmal-berlin.de\/jugendforum\/wp-json\/wp\/v2\/posts\/2806\/revisions"}],"wp:featuredmedia":[{"embeddable":true,"href":"https:\/\/denkmal-berlin.de\/jugendforum\/wp-json\/wp\/v2\/media\/2862"}],"wp:attachment":[{"href":"https:\/\/denkmal-berlin.de\/jugendforum\/wp-json\/wp\/v2\/media?parent=2806"}],"wp:term":[{"taxonomy":"category","embeddable":true,"href":"https:\/\/denkmal-berlin.de\/jugendforum\/wp-json\/wp\/v2\/categories?post=2806"},{"taxonomy":"post_tag","embeddable":true,"href":"https:\/\/denkmal-berlin.de\/jugendforum\/wp-json\/wp\/v2\/tags?post=2806"}],"curies":[{"name":"wp","href":"https:\/\/api.w.org\/{rel}","templated":true}]}}