{"id":2836,"date":"2022-09-15T10:19:34","date_gmt":"2022-09-15T08:19:34","guid":{"rendered":"https:\/\/denkmal-berlin.de\/2023\/?p=2836"},"modified":"2023-10-09T17:37:22","modified_gmt":"2023-10-09T15:37:22","slug":"20-jahre-jugendforum-denkmal-ausstellung-und-abendveranstaltung-am-16-januar-2023","status":"publish","type":"post","link":"https:\/\/denkmal-berlin.de\/jugendforum\/20-jahre-jugendforum-denkmal-ausstellung-und-abendveranstaltung-am-16-januar-2023\/","title":{"rendered":"20 Jahre Jugendforum denk!mal: Ausstellung und Abendveranstaltung am 16. Januar 2023"},"content":{"rendered":"<p>Bei der Abendveranstaltung des Jugendforums denk!mal \u201923 wird der Plenarsaal zur B\u00fchne f\u00fcr eure Projekte. In einer B\u00fchnenshow k\u00f6nnt ihr euch dabei mit Theaterst\u00fccken, Lesungen, Musik, Tanz oder anderen kreativen Projekten einem breiten Publikum pr\u00e4sentieren und an die Opfer des Nationalsozialismus erinnern. Ihr setzt damit auch ein Zeichen f\u00fcr Toleranz und Vielfalt und gegen aktuelle Formen des Rassismus, rechte Gewalt und Diskriminierung.<\/p>\n<p>In einer Ausstellung rund um die Abendveranstaltung zeigen wir au\u00dferdem die Projekte, die beispielsweise getextet oder grafisch in Bildform umgesetzt wurden und nicht an der B\u00fchnenshow teilnehmen.<\/p>\n<p>Nach dem Bewerbungsschluss am 5. Dezember 2022 werden wir eine Auswahl aus allen eingegangenen Bewerbungen treffen und uns an die Planung von Abendveranstaltung und Ausstellung machen. <\/p>\n<p>Wir freuen uns schon jetzt auf eure Anmeldungen!<\/p>\n","protected":false},"excerpt":{"rendered":"<p>Bei der Abendveranstaltung des Jugendforums denk!mal \u201923 wird der Plenarsaal zur B\u00fchne f\u00fcr eure Projekte. In einer B\u00fchnenshow<span class=\"excerpt_more\">weiterlesen&#8230;<\/span><\/p>\n","protected":false},"author":52,"featured_media":2862,"comment_status":"closed","ping_status":"open","sticky":false,"template":"","format":"standard","meta":{"footnotes":""},"categories":[37],"tags":[],"class_list":["post-2836","post","type-post","status-publish","format-standard","has-post-thumbnail","hentry","category-denkmal-2023"],"_links":{"self":[{"href":"https:\/\/denkmal-berlin.de\/jugendforum\/wp-json\/wp\/v2\/posts\/2836","targetHints":{"allow":["GET"]}}],"collection":[{"href":"https:\/\/denkmal-berlin.de\/jugendforum\/wp-json\/wp\/v2\/posts"}],"about":[{"href":"https:\/\/denkmal-berlin.de\/jugendforum\/wp-json\/wp\/v2\/types\/post"}],"author":[{"embeddable":true,"href":"https:\/\/denkmal-berlin.de\/jugendforum\/wp-json\/wp\/v2\/users\/52"}],"replies":[{"embeddable":true,"href":"https:\/\/denkmal-berlin.de\/jugendforum\/wp-json\/wp\/v2\/comments?post=2836"}],"version-history":[{"count":0,"href":"https:\/\/denkmal-berlin.de\/jugendforum\/wp-json\/wp\/v2\/posts\/2836\/revisions"}],"wp:featuredmedia":[{"embeddable":true,"href":"https:\/\/denkmal-berlin.de\/jugendforum\/wp-json\/wp\/v2\/media\/2862"}],"wp:attachment":[{"href":"https:\/\/denkmal-berlin.de\/jugendforum\/wp-json\/wp\/v2\/media?parent=2836"}],"wp:term":[{"taxonomy":"category","embeddable":true,"href":"https:\/\/denkmal-berlin.de\/jugendforum\/wp-json\/wp\/v2\/categories?post=2836"},{"taxonomy":"post_tag","embeddable":true,"href":"https:\/\/denkmal-berlin.de\/jugendforum\/wp-json\/wp\/v2\/tags?post=2836"}],"curies":[{"name":"wp","href":"https:\/\/api.w.org\/{rel}","templated":true}]}}