{"id":2994,"date":"2023-01-09T16:35:52","date_gmt":"2023-01-09T15:35:52","guid":{"rendered":"https:\/\/denkmal-berlin.de\/2023\/?p=2994"},"modified":"2023-10-09T17:37:17","modified_gmt":"2023-10-09T15:37:17","slug":"kommt-vorbei-oder-schaltet-ein-jubilaeumsausgabe-am-16-januar-ab-18-uhr","status":"publish","type":"post","link":"https:\/\/denkmal-berlin.de\/jugendforum\/kommt-vorbei-oder-schaltet-ein-jubilaeumsausgabe-am-16-januar-ab-18-uhr\/","title":{"rendered":"Kommt vorbei oder schaltet ein! Jubil\u00e4umsausgabe am 16. Januar ab 18 Uhr"},"content":{"rendered":"<div>\n<div>\n<div>\n<div>\n<p>Auch in diesem Jahr haben Berliner Kinder und Jugendliche wieder tolle kreative Projekte und Initiativen in Gedenken an die Opfer des Nationalsozialismus, f\u00fcr Toleranz und gegen Rassismus und Diskriminierung umgesetzt, die sie im Berliner Landesparlament pr\u00e4sentieren m\u00f6chten!<\/p>\n<p>Der Pr\u00e4sident des Abgeordnetenhauses von Berlin, Dennis Buchner, l\u00e4dt anl\u00e4sslich des 27. Januars zur <strong>Abendveranstaltung des Jugendforums denk!mal \u201923 am Montag, den 16. Januar 2023, um 18.00 Uhr<\/strong> in den Plenarsaal des Abgeordnetenhauses von Berlin ein.<\/p>\n<p>Im Anschluss an das B\u00fchnenprogramm im Plenarsaal wird herzlich dazu eingeladen, die <strong>Ausstellung<\/strong> teilnehmender Projekte in der Wandelhalle des Abgeordnetenhauses zu besuchen und am <strong>Empfang<\/strong> im Casino teilzunehmen.<\/p>\n<p>Wir bitten aufgrund der begrenzten Pl\u00e4tze zwingend um vorherige <strong>Anmeldung &nbsp;per E-Mail an <a href=\"mailto:oeffentlichkeitsarbeit@parlament-berlin.de\">oeffentlichkeitsarbeit@parlament-berlin.de<\/a><\/strong> <strong>bis zum 12. Januar 2023<\/strong>.<\/p>\n<p>Die Veranstaltung kann auch live im TV bei ALEX Berlin oder als Livestream unter <a href=\"https:\/\/agh.berlin\/denkmal2023\"><strong>https:\/\/agh.berlin\/denkmal2023<\/strong><\/a> verfolgt werden.<\/p>\n<div><\/div>\n<\/div>\n<\/div>\n<\/div>\n<\/div>\n<div><strong>Kommt vorbei oder schaltet ein! Wir freuen uns auf euch<\/strong><\/div>\n<div>\n<div>\n<div><\/div>\n<\/div>\n<\/div>\n","protected":false},"excerpt":{"rendered":"<p>Auch in diesem Jahr haben Berliner Kinder und Jugendliche wieder tolle kreative Projekte und Initiativen in Gedenken an<span class=\"excerpt_more\">weiterlesen&#8230;<\/span><\/p>\n","protected":false},"author":52,"featured_media":2862,"comment_status":"closed","ping_status":"open","sticky":false,"template":"","format":"standard","meta":{"footnotes":""},"categories":[37],"tags":[],"class_list":["post-2994","post","type-post","status-publish","format-standard","has-post-thumbnail","hentry","category-denkmal-2023"],"_links":{"self":[{"href":"https:\/\/denkmal-berlin.de\/jugendforum\/wp-json\/wp\/v2\/posts\/2994","targetHints":{"allow":["GET"]}}],"collection":[{"href":"https:\/\/denkmal-berlin.de\/jugendforum\/wp-json\/wp\/v2\/posts"}],"about":[{"href":"https:\/\/denkmal-berlin.de\/jugendforum\/wp-json\/wp\/v2\/types\/post"}],"author":[{"embeddable":true,"href":"https:\/\/denkmal-berlin.de\/jugendforum\/wp-json\/wp\/v2\/users\/52"}],"replies":[{"embeddable":true,"href":"https:\/\/denkmal-berlin.de\/jugendforum\/wp-json\/wp\/v2\/comments?post=2994"}],"version-history":[{"count":0,"href":"https:\/\/denkmal-berlin.de\/jugendforum\/wp-json\/wp\/v2\/posts\/2994\/revisions"}],"wp:featuredmedia":[{"embeddable":true,"href":"https:\/\/denkmal-berlin.de\/jugendforum\/wp-json\/wp\/v2\/media\/2862"}],"wp:attachment":[{"href":"https:\/\/denkmal-berlin.de\/jugendforum\/wp-json\/wp\/v2\/media?parent=2994"}],"wp:term":[{"taxonomy":"category","embeddable":true,"href":"https:\/\/denkmal-berlin.de\/jugendforum\/wp-json\/wp\/v2\/categories?post=2994"},{"taxonomy":"post_tag","embeddable":true,"href":"https:\/\/denkmal-berlin.de\/jugendforum\/wp-json\/wp\/v2\/tags?post=2994"}],"curies":[{"name":"wp","href":"https:\/\/api.w.org\/{rel}","templated":true}]}}