{"id":3008,"date":"2023-01-17T10:16:19","date_gmt":"2023-01-17T09:16:19","guid":{"rendered":"https:\/\/denkmal-berlin.de\/2023\/?p=3008"},"modified":"2023-10-09T17:37:11","modified_gmt":"2023-10-09T15:37:11","slug":"tv-sendung-verpasst-kein-problem","status":"publish","type":"post","link":"https:\/\/denkmal-berlin.de\/jugendforum\/tv-sendung-verpasst-kein-problem\/","title":{"rendered":"TV-Sendung verpasst? Kein Problem!"},"content":{"rendered":"\n<p>Am 16. Januar um 18:00 Uhr fand die gro\u00dfe Abschlussveranstaltung zum Jugendforum denk!mal 2023 statt. Zusammen mit den jungen Moderatorinnen Lotta H\u00f6fer und Nele Bethsold stellten Berliner Kinder und Jugendliche die Projekte vor, die sie zusammen mit engagierten P\u00e4dagoginnen und P\u00e4dagogen und Organisationen in Erinnerung an die Opfer des Nationalsozialismus im vergangenen Jahr realisiert haben.<\/p>\n\n\n\n<p><strong>Die Veranstaltung war ein voller Erfolg und daf\u00fcr m\u00f6chten wir uns bei allen Beteiligten noch einmal ganz herzlich bedanken!<\/strong><\/p>\n\n\n\n<p>Solltet ihr die Sendung verpasst haben, findet ihr die Aufzeichnung zur Sendung ebenso wie alle Videobeitr\u00e4ge jederzeit <strong><a href=\"https:\/\/www.youtube.com\/playlist?list=PLgqUxMeOmFHycmchIj4urMKs15CCOej_T\" data-type=\"URL\" data-id=\"https:\/\/www.youtube.com\/playlist?list=PLgqUxMeOmFHycmchIj4urMKs15CCOej_T\">hier<\/a><\/strong> in einer YouTube Playlist zum Nachsehen. Dar\u00fcber hinaus wird am <strong>Sonntag, den 22. Januar 2023 um 13 Uhr<\/strong> eine Wiederholung der Sendung bei <a href=\"https:\/\/www.alex-berlin.de\/tv\/livestream.html\"><strong>ALEX Berlin<\/strong><\/a> gezeigt.<\/p>\n\n\n\n<p>Die <strong>Ausstellung<\/strong> k\u00f6nnt ihr euch noch <strong>bis zum 24. Januar 2023 in der Wandelhalle<\/strong> des Abgeordnetenhauses ansehen.<\/p>\n\n\n\n<p>Einen <strong>\u00dcberblick \u00fcber alle Projekte<\/strong>, die dieses Jahr eingereicht wurden, findet ihr au\u00dferdem in K\u00fcrze in einer digitalen Ausstellung <strong><a href=\"https:\/\/denkmal-berlin.de\/jugendforum\/projekt\/\" data-type=\"URL\" data-id=\"https:\/\/denkmal-berlin.de\/jugendforum\/projekt\/\">hier<\/a><\/strong> auf der Webseite des Jugendforums.<\/p>\n\n\n\n<p>Danke f\u00fcr eure tollen Beitr\u00e4ge!<\/p>\n\n\n\n<p><strong>Eindr\u00fccke von der Abendveranstaltung zum Jugendforum denk!mal 2023 im Plenarsaal des Abgeordnetenhauses von Berlin:<\/strong><\/p>\n\n\n\n<figure class=\"wp-block-gallery has-nested-images columns-default is-cropped wp-block-gallery-1 is-layout-flex wp-block-gallery-is-layout-flex\">\n<figure class=\"wp-block-image size-large\"><img loading=\"lazy\" decoding=\"async\" width=\"768\" height=\"1024\" data-id=\"3012\" src=\"https:\/\/denkmal-berlin.de\/jugendforum\/files\/2023\/01\/Wire-2023-01-17-at-10_09_3-768x1024.jpeg\" alt=\"\" class=\"wp-image-3012\" srcset=\"https:\/\/denkmal-berlin.de\/jugendforum\/files\/2023\/01\/Wire-2023-01-17-at-10_09_3-768x1024.jpeg 768w, https:\/\/denkmal-berlin.de\/jugendforum\/files\/2023\/01\/Wire-2023-01-17-at-10_09_3-576x768.jpeg 576w, https:\/\/denkmal-berlin.de\/jugendforum\/files\/2023\/01\/Wire-2023-01-17-at-10_09_3-1152x1536.jpeg 1152w, https:\/\/denkmal-berlin.de\/jugendforum\/files\/2023\/01\/Wire-2023-01-17-at-10_09_3.jpeg 1352w\" sizes=\"auto, (max-width: 768px) 100vw, 768px\" \/><\/figure>\n\n\n\n<figure class=\"wp-block-image size-large\"><img loading=\"lazy\" decoding=\"async\" width=\"1024\" height=\"768\" data-id=\"3009\" src=\"https:\/\/denkmal-berlin.de\/jugendforum\/files\/2023\/01\/Wire-2023-01-17-at-10_09_2-1024x768.jpeg\" alt=\"\" class=\"wp-image-3009\" srcset=\"https:\/\/denkmal-berlin.de\/jugendforum\/files\/2023\/01\/Wire-2023-01-17-at-10_09_2-1024x768.jpeg 1024w, https:\/\/denkmal-berlin.de\/jugendforum\/files\/2023\/01\/Wire-2023-01-17-at-10_09_2-768x576.jpeg 768w, https:\/\/denkmal-berlin.de\/jugendforum\/files\/2023\/01\/Wire-2023-01-17-at-10_09_2-1536x1152.jpeg 1536w, https:\/\/denkmal-berlin.de\/jugendforum\/files\/2023\/01\/Wire-2023-01-17-at-10_09_2.jpeg 1802w\" sizes=\"auto, (max-width: 1024px) 100vw, 1024px\" \/><\/figure>\n\n\n\n<figure class=\"wp-block-image size-large\"><img loading=\"lazy\" decoding=\"async\" width=\"1024\" height=\"768\" data-id=\"3010\" src=\"https:\/\/denkmal-berlin.de\/jugendforum\/files\/2023\/01\/Wire-2023-01-17-at-10_09-1024x768.jpeg\" alt=\"\" class=\"wp-image-3010\" srcset=\"https:\/\/denkmal-berlin.de\/jugendforum\/files\/2023\/01\/Wire-2023-01-17-at-10_09-1024x768.jpeg 1024w, https:\/\/denkmal-berlin.de\/jugendforum\/files\/2023\/01\/Wire-2023-01-17-at-10_09-768x576.jpeg 768w, https:\/\/denkmal-berlin.de\/jugendforum\/files\/2023\/01\/Wire-2023-01-17-at-10_09-1536x1152.jpeg 1536w, https:\/\/denkmal-berlin.de\/jugendforum\/files\/2023\/01\/Wire-2023-01-17-at-10_09.jpeg 1802w\" sizes=\"auto, (max-width: 1024px) 100vw, 1024px\" \/><\/figure>\n\n\n\n<figure class=\"wp-block-image size-large\"><img loading=\"lazy\" decoding=\"async\" width=\"1024\" height=\"855\" data-id=\"3011\" src=\"https:\/\/denkmal-berlin.de\/jugendforum\/files\/2023\/01\/Wire-2023-01-17-at-10_10_4-1024x855.jpeg\" alt=\"\" class=\"wp-image-3011\" srcset=\"https:\/\/denkmal-berlin.de\/jugendforum\/files\/2023\/01\/Wire-2023-01-17-at-10_10_4-1024x855.jpeg 1024w, https:\/\/denkmal-berlin.de\/jugendforum\/files\/2023\/01\/Wire-2023-01-17-at-10_10_4-768x642.jpeg 768w, https:\/\/denkmal-berlin.de\/jugendforum\/files\/2023\/01\/Wire-2023-01-17-at-10_10_4-1536x1283.jpeg 1536w, https:\/\/denkmal-berlin.de\/jugendforum\/files\/2023\/01\/Wire-2023-01-17-at-10_10_4.jpeg 1659w\" sizes=\"auto, (max-width: 1024px) 100vw, 1024px\" \/><\/figure>\n<\/figure>\n","protected":false},"excerpt":{"rendered":"<p>Am 16. Januar um 18:00 Uhr fand die gro\u00dfe Abschlussveranstaltung zum Jugendforum denk!mal 2023 statt. Zusammen mit den<span class=\"excerpt_more\">weiterlesen&#8230;<\/span><\/p>\n","protected":false},"author":52,"featured_media":3013,"comment_status":"closed","ping_status":"open","sticky":false,"template":"","format":"standard","meta":{"footnotes":""},"categories":[37],"tags":[],"class_list":["post-3008","post","type-post","status-publish","format-standard","has-post-thumbnail","hentry","category-denkmal-2023"],"_links":{"self":[{"href":"https:\/\/denkmal-berlin.de\/jugendforum\/wp-json\/wp\/v2\/posts\/3008","targetHints":{"allow":["GET"]}}],"collection":[{"href":"https:\/\/denkmal-berlin.de\/jugendforum\/wp-json\/wp\/v2\/posts"}],"about":[{"href":"https:\/\/denkmal-berlin.de\/jugendforum\/wp-json\/wp\/v2\/types\/post"}],"author":[{"embeddable":true,"href":"https:\/\/denkmal-berlin.de\/jugendforum\/wp-json\/wp\/v2\/users\/52"}],"replies":[{"embeddable":true,"href":"https:\/\/denkmal-berlin.de\/jugendforum\/wp-json\/wp\/v2\/comments?post=3008"}],"version-history":[{"count":0,"href":"https:\/\/denkmal-berlin.de\/jugendforum\/wp-json\/wp\/v2\/posts\/3008\/revisions"}],"wp:featuredmedia":[{"embeddable":true,"href":"https:\/\/denkmal-berlin.de\/jugendforum\/wp-json\/wp\/v2\/media\/3013"}],"wp:attachment":[{"href":"https:\/\/denkmal-berlin.de\/jugendforum\/wp-json\/wp\/v2\/media?parent=3008"}],"wp:term":[{"taxonomy":"category","embeddable":true,"href":"https:\/\/denkmal-berlin.de\/jugendforum\/wp-json\/wp\/v2\/categories?post=3008"},{"taxonomy":"post_tag","embeddable":true,"href":"https:\/\/denkmal-berlin.de\/jugendforum\/wp-json\/wp\/v2\/tags?post=3008"}],"curies":[{"name":"wp","href":"https:\/\/api.w.org\/{rel}","templated":true}]}}