{"id":4442,"date":"2023-09-21T12:04:12","date_gmt":"2023-09-21T10:04:12","guid":{"rendered":"https:\/\/denkmal-berlin.de\/jugendforum\/?p=4442"},"modified":"2023-10-09T17:35:12","modified_gmt":"2023-10-09T15:35:12","slug":"das-jugendforum-denkmal-2024-steht-in-den-startloechern","status":"publish","type":"post","link":"https:\/\/denkmal-berlin.de\/jugendforum\/das-jugendforum-denkmal-2024-steht-in-den-startloechern\/","title":{"rendered":"Das Jugendforum denk!mal 2024 steht in den Startl\u00f6chern"},"content":{"rendered":"\n<p>Es ist wieder soweit &#8211; Eine neue Runde des Jugendforums denk<em>!mal<\/em> steht vor der T\u00fcr. 2024 wird es eine gro\u00dfe und gemeinsame Ausstellung (ca. vier Wochen) mit Er\u00f6ffnungsveranstaltung in der Wandelhalle des Abgeordnetenhauses von Berlin geben. Hier k\u00f6nnt ihr eure Projekte vorstellen und kreativ werden. Die Veranstaltung findet am <strong>23. Januar 2024<\/strong> statt.<\/p>\n\n\n\n<p>Ob Video, Song, Podcast, Collage oder Bilder &#8211; das Jugendforum gibt euch im Rahmen des 27. Januars als Gedenktag an die Opfer des Nationalsozialismus wieder die M\u00f6glichkeit, eure Geschichten zu erz\u00e4hlen. <\/p>\n\n\n\n<p><strong>Anmelden<\/strong> k\u00f6nnt ihr euch ab jetzt, indem ihr das Anmeldeformular ausf\u00fcllt und per E-Mail oder Post an uns sendet.<\/p>\n\n\n\n<div data-wp-interactive=\"core\/file\" class=\"wp-block-file\"><object data-wp-bind--hidden=\"!state.hasPdfPreview\" hidden class=\"wp-block-file__embed\" data=\"https:\/\/denkmal-berlin.de\/jugendforum\/files\/2023\/09\/Anmeldeformular_2024.pdf\" type=\"application\/pdf\" style=\"width:100%;height:600px\" aria-label=\"Einbettung von Anmeldeformular_2024.\"><\/object><a id=\"wp-block-file--media-f351f732-66b4-4a7c-81f9-122b5751ac1b\" href=\"https:\/\/denkmal-berlin.de\/jugendforum\/files\/2023\/09\/Anmeldeformular_2024.pdf\">Anmeldeformular_2024<\/a><a href=\"https:\/\/denkmal-berlin.de\/jugendforum\/files\/2023\/09\/Anmeldeformular_2024.pdf\" class=\"wp-block-file__button wp-element-button\" download aria-describedby=\"wp-block-file--media-f351f732-66b4-4a7c-81f9-122b5751ac1b\">Herunterladen<\/a><\/div>\n\n\n\n<p>Wir freuen uns auf eure Bewerbungen!<\/p>\n","protected":false},"excerpt":{"rendered":"<p>Es ist wieder soweit &#8211; Eine neue Runde des Jugendforums denk!mal steht vor der T\u00fcr. 2024 wird es<span class=\"excerpt_more\">weiterlesen&#8230;<\/span><\/p>\n","protected":false},"author":50,"featured_media":4445,"comment_status":"closed","ping_status":"open","sticky":false,"template":"","format":"standard","meta":{"footnotes":""},"categories":[36],"tags":[],"class_list":["post-4442","post","type-post","status-publish","format-standard","has-post-thumbnail","hentry","category-denkmal-2024"],"_links":{"self":[{"href":"https:\/\/denkmal-berlin.de\/jugendforum\/wp-json\/wp\/v2\/posts\/4442","targetHints":{"allow":["GET"]}}],"collection":[{"href":"https:\/\/denkmal-berlin.de\/jugendforum\/wp-json\/wp\/v2\/posts"}],"about":[{"href":"https:\/\/denkmal-berlin.de\/jugendforum\/wp-json\/wp\/v2\/types\/post"}],"author":[{"embeddable":true,"href":"https:\/\/denkmal-berlin.de\/jugendforum\/wp-json\/wp\/v2\/users\/50"}],"replies":[{"embeddable":true,"href":"https:\/\/denkmal-berlin.de\/jugendforum\/wp-json\/wp\/v2\/comments?post=4442"}],"version-history":[{"count":0,"href":"https:\/\/denkmal-berlin.de\/jugendforum\/wp-json\/wp\/v2\/posts\/4442\/revisions"}],"wp:featuredmedia":[{"embeddable":true,"href":"https:\/\/denkmal-berlin.de\/jugendforum\/wp-json\/wp\/v2\/media\/4445"}],"wp:attachment":[{"href":"https:\/\/denkmal-berlin.de\/jugendforum\/wp-json\/wp\/v2\/media?parent=4442"}],"wp:term":[{"taxonomy":"category","embeddable":true,"href":"https:\/\/denkmal-berlin.de\/jugendforum\/wp-json\/wp\/v2\/categories?post=4442"},{"taxonomy":"post_tag","embeddable":true,"href":"https:\/\/denkmal-berlin.de\/jugendforum\/wp-json\/wp\/v2\/tags?post=4442"}],"curies":[{"name":"wp","href":"https:\/\/api.w.org\/{rel}","templated":true}]}}