{"id":4574,"date":"2024-06-27T10:52:42","date_gmt":"2024-06-27T08:52:42","guid":{"rendered":"https:\/\/denkmal-berlin.de\/jugendforum\/?p=4574"},"modified":"2025-11-04T14:32:06","modified_gmt":"2025-11-04T13:32:06","slug":"das-jugendforum-denkmal-2024","status":"publish","type":"post","link":"https:\/\/denkmal-berlin.de\/jugendforum\/das-jugendforum-denkmal-2024\/","title":{"rendered":"Das Jugendforum denk!mal 2024"},"content":{"rendered":"\n<p>Auch das Jugendforum denk<em>!mal <\/em>2024 gab Berliner Kindern und Jugendlichen wieder die M\u00f6glichkeit, ihre Projekte im Rahmen einer Ausstellung sowie auf der eigenen Webseite und auf den Social-Media-Kan\u00e4len des Abgeordnetenhauses vorzustellen.<\/p>\n\n\n\n<figure><\/figure>\n\n\n\n<p>Die Ausstellungser\u00f6ffnung fand am <strong>23. Janaur 2024<\/strong> in der Wandelhalle statt und hat neben der Pr\u00e4sentation aller teilnehmenden Projekte Platz f\u00fcr Austausch und Diskussion geboten.<\/p>\n\n\n\n<p>Hier findet ihr ein paar Eindr\u00fccke des Abends. Einen \u00dcberblick \u00fcber alle Projekte des Jugendforums 2024 findet ihr <strong><a href=\"https:\/\/denkmal-berlin.de\/jugendforum\/projekt\/\" data-type=\"link\" data-id=\"https:\/\/denkmal-berlin.de\/jugendforum\/projekt\/\">hier<\/a><\/strong><\/p>\n\n\n\n<figure><\/figure>\n\n\n\n<figure class=\"wp-block-gallery has-nested-images columns-default is-cropped wp-block-gallery-1 is-layout-flex wp-block-gallery-is-layout-flex\">\n<figure class=\"wp-block-image size-large\"><img loading=\"lazy\" decoding=\"async\" width=\"800\" height=\"600\" data-id=\"4579\" src=\"https:\/\/denkmal-berlin.de\/jugendforum\/files\/2024\/06\/Ausstellung_2_Jugendforum-denkmal-2024.jpg\" alt=\"\" class=\"wp-image-4579\" srcset=\"https:\/\/denkmal-berlin.de\/jugendforum\/files\/2024\/06\/Ausstellung_2_Jugendforum-denkmal-2024.jpg 800w, https:\/\/denkmal-berlin.de\/jugendforum\/files\/2024\/06\/Ausstellung_2_Jugendforum-denkmal-2024-768x576.jpg 768w\" sizes=\"auto, (max-width: 800px) 100vw, 800px\" \/><\/figure>\n\n\n\n<figure class=\"wp-block-image size-large\"><img loading=\"lazy\" decoding=\"async\" width=\"800\" height=\"600\" data-id=\"4582\" src=\"https:\/\/denkmal-berlin.de\/jugendforum\/files\/2024\/06\/Ausstellung_Jugendforum-denkmal-2024.jpg\" alt=\"\" class=\"wp-image-4582\" srcset=\"https:\/\/denkmal-berlin.de\/jugendforum\/files\/2024\/06\/Ausstellung_Jugendforum-denkmal-2024.jpg 800w, https:\/\/denkmal-berlin.de\/jugendforum\/files\/2024\/06\/Ausstellung_Jugendforum-denkmal-2024-768x576.jpg 768w\" sizes=\"auto, (max-width: 800px) 100vw, 800px\" \/><\/figure>\n\n\n\n<figure class=\"wp-block-image size-large\"><img loading=\"lazy\" decoding=\"async\" width=\"800\" height=\"600\" data-id=\"4580\" src=\"https:\/\/denkmal-berlin.de\/jugendforum\/files\/2024\/06\/Austausch-am-Thementisch_Jugendforum-denkmal-2024.jpg\" alt=\"\" class=\"wp-image-4580\" srcset=\"https:\/\/denkmal-berlin.de\/jugendforum\/files\/2024\/06\/Austausch-am-Thementisch_Jugendforum-denkmal-2024.jpg 800w, https:\/\/denkmal-berlin.de\/jugendforum\/files\/2024\/06\/Austausch-am-Thementisch_Jugendforum-denkmal-2024-768x576.jpg 768w\" sizes=\"auto, (max-width: 800px) 100vw, 800px\" \/><\/figure>\n\n\n\n<figure class=\"wp-block-image size-large\"><img loading=\"lazy\" decoding=\"async\" width=\"800\" height=\"600\" data-id=\"4577\" src=\"https:\/\/denkmal-berlin.de\/jugendforum\/files\/2024\/06\/Bgeruessung_Praesidentin_Jugendforum-denkmal-2024.jpg\" alt=\"\" class=\"wp-image-4577\" srcset=\"https:\/\/denkmal-berlin.de\/jugendforum\/files\/2024\/06\/Bgeruessung_Praesidentin_Jugendforum-denkmal-2024.jpg 800w, https:\/\/denkmal-berlin.de\/jugendforum\/files\/2024\/06\/Bgeruessung_Praesidentin_Jugendforum-denkmal-2024-768x576.jpg 768w\" sizes=\"auto, (max-width: 800px) 100vw, 800px\" \/><\/figure>\n\n\n\n<figure class=\"wp-block-image size-large\"><img loading=\"lazy\" decoding=\"async\" width=\"800\" height=\"600\" data-id=\"4578\" src=\"https:\/\/denkmal-berlin.de\/jugendforum\/files\/2024\/06\/Jugendliche-in-der-Ausstellung_Jugendforum-denkmal-2024.jpg\" alt=\"\" class=\"wp-image-4578\" srcset=\"https:\/\/denkmal-berlin.de\/jugendforum\/files\/2024\/06\/Jugendliche-in-der-Ausstellung_Jugendforum-denkmal-2024.jpg 800w, https:\/\/denkmal-berlin.de\/jugendforum\/files\/2024\/06\/Jugendliche-in-der-Ausstellung_Jugendforum-denkmal-2024-768x576.jpg 768w\" sizes=\"auto, (max-width: 800px) 100vw, 800px\" \/><\/figure>\n\n\n\n<figure class=\"wp-block-image size-large\"><img loading=\"lazy\" decoding=\"async\" width=\"800\" height=\"600\" data-id=\"4575\" src=\"https:\/\/denkmal-berlin.de\/jugendforum\/files\/2024\/06\/Moderation_Jugendforum-denkmal-2024.jpg\" alt=\"\" class=\"wp-image-4575\" srcset=\"https:\/\/denkmal-berlin.de\/jugendforum\/files\/2024\/06\/Moderation_Jugendforum-denkmal-2024.jpg 800w, https:\/\/denkmal-berlin.de\/jugendforum\/files\/2024\/06\/Moderation_Jugendforum-denkmal-2024-768x576.jpg 768w\" sizes=\"auto, (max-width: 800px) 100vw, 800px\" \/><\/figure>\n\n\n\n<figure class=\"wp-block-image size-large\"><img loading=\"lazy\" decoding=\"async\" width=\"800\" height=\"600\" data-id=\"4581\" src=\"https:\/\/denkmal-berlin.de\/jugendforum\/files\/2024\/06\/Postkarten_Titelmotiv-denkmal-2024.jpg\" alt=\"\" class=\"wp-image-4581\" srcset=\"https:\/\/denkmal-berlin.de\/jugendforum\/files\/2024\/06\/Postkarten_Titelmotiv-denkmal-2024.jpg 800w, https:\/\/denkmal-berlin.de\/jugendforum\/files\/2024\/06\/Postkarten_Titelmotiv-denkmal-2024-768x576.jpg 768w\" sizes=\"auto, (max-width: 800px) 100vw, 800px\" \/><\/figure>\n\n\n\n<figure class=\"wp-block-image size-large\"><img loading=\"lazy\" decoding=\"async\" width=\"800\" height=\"600\" data-id=\"4576\" src=\"https:\/\/denkmal-berlin.de\/jugendforum\/files\/2024\/06\/Praesidentin-im-Austausch-mit-Jugendlichen_Jugendforum-denkmal-2024.jpg\" alt=\"\" class=\"wp-image-4576\" srcset=\"https:\/\/denkmal-berlin.de\/jugendforum\/files\/2024\/06\/Praesidentin-im-Austausch-mit-Jugendlichen_Jugendforum-denkmal-2024.jpg 800w, https:\/\/denkmal-berlin.de\/jugendforum\/files\/2024\/06\/Praesidentin-im-Austausch-mit-Jugendlichen_Jugendforum-denkmal-2024-768x576.jpg 768w\" sizes=\"auto, (max-width: 800px) 100vw, 800px\" \/><\/figure>\n\n\n\n<figure class=\"wp-block-image size-large\"><img loading=\"lazy\" decoding=\"async\" width=\"800\" height=\"600\" data-id=\"4583\" src=\"https:\/\/denkmal-berlin.de\/jugendforum\/files\/2024\/06\/Praesidentin_Ruth-Winkelmann_Senatorin-Guenther-Wuensch_Jugendforum-denkmal-2024.jpg\" alt=\"\" class=\"wp-image-4583\" srcset=\"https:\/\/denkmal-berlin.de\/jugendforum\/files\/2024\/06\/Praesidentin_Ruth-Winkelmann_Senatorin-Guenther-Wuensch_Jugendforum-denkmal-2024.jpg 800w, https:\/\/denkmal-berlin.de\/jugendforum\/files\/2024\/06\/Praesidentin_Ruth-Winkelmann_Senatorin-Guenther-Wuensch_Jugendforum-denkmal-2024-768x576.jpg 768w\" sizes=\"auto, (max-width: 800px) 100vw, 800px\" \/><\/figure>\n\n\n\n<figure class=\"wp-block-image size-large\"><img loading=\"lazy\" decoding=\"async\" width=\"800\" height=\"600\" data-id=\"4584\" src=\"https:\/\/denkmal-berlin.de\/jugendforum\/files\/2024\/06\/Ruth-Winkelmann-im-Gespraech-mit-Jugendlichen_Jugendforum-denkmal-2024.jpg\" alt=\"\" class=\"wp-image-4584\" srcset=\"https:\/\/denkmal-berlin.de\/jugendforum\/files\/2024\/06\/Ruth-Winkelmann-im-Gespraech-mit-Jugendlichen_Jugendforum-denkmal-2024.jpg 800w, https:\/\/denkmal-berlin.de\/jugendforum\/files\/2024\/06\/Ruth-Winkelmann-im-Gespraech-mit-Jugendlichen_Jugendforum-denkmal-2024-768x576.jpg 768w\" sizes=\"auto, (max-width: 800px) 100vw, 800px\" \/><\/figure>\n\n\n\n<figure class=\"wp-block-image size-large\"><img loading=\"lazy\" decoding=\"async\" width=\"800\" height=\"600\" data-id=\"4585\" src=\"https:\/\/denkmal-berlin.de\/jugendforum\/files\/2024\/06\/Ruth-Winkelmann-in-der-Ausstellung_Jugendforum-denkmal-2024.jpg\" alt=\"\" class=\"wp-image-4585\" srcset=\"https:\/\/denkmal-berlin.de\/jugendforum\/files\/2024\/06\/Ruth-Winkelmann-in-der-Ausstellung_Jugendforum-denkmal-2024.jpg 800w, https:\/\/denkmal-berlin.de\/jugendforum\/files\/2024\/06\/Ruth-Winkelmann-in-der-Ausstellung_Jugendforum-denkmal-2024-768x576.jpg 768w\" sizes=\"auto, (max-width: 800px) 100vw, 800px\" \/><\/figure>\n\n\n\n<figure class=\"wp-block-image size-large\"><img loading=\"lazy\" decoding=\"async\" width=\"800\" height=\"600\" data-id=\"4586\" src=\"https:\/\/denkmal-berlin.de\/jugendforum\/files\/2024\/06\/Thementisch-Erinnerungskulturim-Kiez_Jugendforum-denkmal-2024_.jpg\" alt=\"\" class=\"wp-image-4586\" srcset=\"https:\/\/denkmal-berlin.de\/jugendforum\/files\/2024\/06\/Thementisch-Erinnerungskulturim-Kiez_Jugendforum-denkmal-2024_.jpg 800w, https:\/\/denkmal-berlin.de\/jugendforum\/files\/2024\/06\/Thementisch-Erinnerungskulturim-Kiez_Jugendforum-denkmal-2024_-768x576.jpg 768w\" sizes=\"auto, (max-width: 800px) 100vw, 800px\" \/><\/figure>\n<\/figure>\n","protected":false},"excerpt":{"rendered":"<p>Auch das Jugendforum denk!mal 2024 gab Berliner Kindern und Jugendlichen wieder die M\u00f6glichkeit, ihre Projekte im Rahmen einer<span class=\"excerpt_more\">weiterlesen&#8230;<\/span><\/p>\n","protected":false},"author":52,"featured_media":4581,"comment_status":"closed","ping_status":"open","sticky":false,"template":"","format":"standard","meta":{"footnotes":""},"categories":[36],"tags":[],"class_list":["post-4574","post","type-post","status-publish","format-standard","has-post-thumbnail","hentry","category-denkmal-2024"],"_links":{"self":[{"href":"https:\/\/denkmal-berlin.de\/jugendforum\/wp-json\/wp\/v2\/posts\/4574","targetHints":{"allow":["GET"]}}],"collection":[{"href":"https:\/\/denkmal-berlin.de\/jugendforum\/wp-json\/wp\/v2\/posts"}],"about":[{"href":"https:\/\/denkmal-berlin.de\/jugendforum\/wp-json\/wp\/v2\/types\/post"}],"author":[{"embeddable":true,"href":"https:\/\/denkmal-berlin.de\/jugendforum\/wp-json\/wp\/v2\/users\/52"}],"replies":[{"embeddable":true,"href":"https:\/\/denkmal-berlin.de\/jugendforum\/wp-json\/wp\/v2\/comments?post=4574"}],"version-history":[{"count":1,"href":"https:\/\/denkmal-berlin.de\/jugendforum\/wp-json\/wp\/v2\/posts\/4574\/revisions"}],"predecessor-version":[{"id":5118,"href":"https:\/\/denkmal-berlin.de\/jugendforum\/wp-json\/wp\/v2\/posts\/4574\/revisions\/5118"}],"wp:featuredmedia":[{"embeddable":true,"href":"https:\/\/denkmal-berlin.de\/jugendforum\/wp-json\/wp\/v2\/media\/4581"}],"wp:attachment":[{"href":"https:\/\/denkmal-berlin.de\/jugendforum\/wp-json\/wp\/v2\/media?parent=4574"}],"wp:term":[{"taxonomy":"category","embeddable":true,"href":"https:\/\/denkmal-berlin.de\/jugendforum\/wp-json\/wp\/v2\/categories?post=4574"},{"taxonomy":"post_tag","embeddable":true,"href":"https:\/\/denkmal-berlin.de\/jugendforum\/wp-json\/wp\/v2\/tags?post=4574"}],"curies":[{"name":"wp","href":"https:\/\/api.w.org\/{rel}","templated":true}]}}