{"id":5025,"date":"2025-01-30T15:26:53","date_gmt":"2025-01-30T14:26:53","guid":{"rendered":"https:\/\/denkmal-berlin.de\/jugendforum\/?p=5025"},"modified":"2025-11-04T14:32:55","modified_gmt":"2025-11-04T13:32:55","slug":"ausstellung-in-der-wandelhalle-bis-zum-20-februar","status":"publish","type":"post","link":"https:\/\/denkmal-berlin.de\/jugendforum\/ausstellung-in-der-wandelhalle-bis-zum-20-februar\/","title":{"rendered":"Ausstellung in der Wandelhalle bis zum 20. Februar"},"content":{"rendered":"<p>Danke an alle Teilnehmenden f\u00fcr die tolle Ausstellungser\u00f6ffnung!<\/p>\n<p>Die Exponate sind noch bis zum <strong>20. Februar 2025\u00a0<\/strong>in der Wandelhalle ausgestellt und k\u00f6nnen zu den regul\u00e4ren Besuchszeiten des Abgeordnetenhauses von Berlin (Montag bis Freitag zwischen 9 und 18 Uhr) begutachtet werden. F\u00fcr den Einlass ben\u00f6tigt ihr einen Lichtbildausweis (Personalausweis, Sch\u00fclerausweis, etc.).<\/p>\n<p style=\"text-align: center\"><strong>Wo?<\/strong> \u00a0\u00a0 Abgeordnetenhaus von Berlin<br \/>\nNiederkirchnerstra\u00dfe 5<br \/>\n10117 Berlin<\/p>\n<p>Teilt dies gern mit euren Freunden und Verwandten, wir w\u00fcrden uns \u00fcber zahlreiche Besucherinnen und Besucher sehr freuen!<\/p>\n<p>Die digitale Ausstellung der Projekte findet ihr hier rechts unter <a href=\"https:\/\/denkmal-berlin.de\/jugendforum\/projekt\/\" target=\"_blank\" rel=\"noopener\">&#8222;Aktuelle Projekte&#8220;<\/a>.<\/p>\n<p>Euer Projektteam denk!mal<\/p>\n","protected":false},"excerpt":{"rendered":"<p>Danke an alle Teilnehmenden f\u00fcr die tolle Ausstellungser\u00f6ffnung! Die Exponate sind noch bis zum 20. Februar 2025\u00a0in der<span class=\"excerpt_more\">weiterlesen&#8230;<\/span><\/p>\n","protected":false},"author":52,"featured_media":5027,"comment_status":"closed","ping_status":"open","sticky":false,"template":"","format":"standard","meta":{"footnotes":""},"categories":[43],"tags":[],"class_list":["post-5025","post","type-post","status-publish","format-standard","has-post-thumbnail","hentry","category-denkmal-2025"],"_links":{"self":[{"href":"https:\/\/denkmal-berlin.de\/jugendforum\/wp-json\/wp\/v2\/posts\/5025","targetHints":{"allow":["GET"]}}],"collection":[{"href":"https:\/\/denkmal-berlin.de\/jugendforum\/wp-json\/wp\/v2\/posts"}],"about":[{"href":"https:\/\/denkmal-berlin.de\/jugendforum\/wp-json\/wp\/v2\/types\/post"}],"author":[{"embeddable":true,"href":"https:\/\/denkmal-berlin.de\/jugendforum\/wp-json\/wp\/v2\/users\/52"}],"replies":[{"embeddable":true,"href":"https:\/\/denkmal-berlin.de\/jugendforum\/wp-json\/wp\/v2\/comments?post=5025"}],"version-history":[{"count":7,"href":"https:\/\/denkmal-berlin.de\/jugendforum\/wp-json\/wp\/v2\/posts\/5025\/revisions"}],"predecessor-version":[{"id":5036,"href":"https:\/\/denkmal-berlin.de\/jugendforum\/wp-json\/wp\/v2\/posts\/5025\/revisions\/5036"}],"wp:featuredmedia":[{"embeddable":true,"href":"https:\/\/denkmal-berlin.de\/jugendforum\/wp-json\/wp\/v2\/media\/5027"}],"wp:attachment":[{"href":"https:\/\/denkmal-berlin.de\/jugendforum\/wp-json\/wp\/v2\/media?parent=5025"}],"wp:term":[{"taxonomy":"category","embeddable":true,"href":"https:\/\/denkmal-berlin.de\/jugendforum\/wp-json\/wp\/v2\/categories?post=5025"},{"taxonomy":"post_tag","embeddable":true,"href":"https:\/\/denkmal-berlin.de\/jugendforum\/wp-json\/wp\/v2\/tags?post=5025"}],"curies":[{"name":"wp","href":"https:\/\/api.w.org\/{rel}","templated":true}]}}