{"id":5081,"date":"2025-10-14T10:21:26","date_gmt":"2025-10-14T08:21:26","guid":{"rendered":"https:\/\/denkmal-berlin.de\/jugendforum\/?p=5081"},"modified":"2025-12-11T15:16:33","modified_gmt":"2025-12-11T14:16:33","slug":"eure-buehne-eure-stimmen-jetzt-fuers-jugendforum-denkmal-anmelden","status":"publish","type":"post","link":"https:\/\/denkmal-berlin.de\/jugendforum\/eure-buehne-eure-stimmen-jetzt-fuers-jugendforum-denkmal-anmelden\/","title":{"rendered":"Eure B\u00fchne. Eure Stimmen. Jetzt f\u00fcrs Jugendforum denk!mal anmelden!"},"content":{"rendered":"<p>Auch 2026 l\u00e4dt das Abgeordnetenhaus von Berlin wieder junge Menschen zum Jugendforum denk!mal ein: Einem Ort, an dem an die Opfer der NS-Zeit gedacht und gegenw\u00e4rtige Erinnerung geschaffen wird. Wir gehen jetzt in die hei\u00dfe Phase: <strong>Die Anmeldung ist noch bis zum 17. November ge\u00f6ffnet<\/strong>. W\u00e4hrend hinter den Kulissen geplant und ausprobiert wird, w\u00e4chst die Vorfreude, eure Ideen zum Leben zu erwecken.<\/p>\n<p><strong>Eure B\u00fchne, eure Stimmen\u00a0 \u00a0 \u00a0 \u00a0 \u00a0\u00a0<\/strong><\/p>\n<p>Gerade in einer Zeit, in der Antisemitismus, Rassismus und Diskriminierung wieder an Einfluss gewinnen, braucht es die Beteiligung junger Menschen. Nicht zuschauen, sondern mitgestalten &#8211; denk!mal gibt diesen Stimmen eine B\u00fchne im Herzen der Demokratie,<strong> im Berliner Abgeordnetenhaus.<\/strong><\/p>\n<p><strong>Euer Projekt in K\u00fcrze \u00a0\u00a0\u00a0\u00a0\u00a0\u00a0\u00a0 <\/strong><\/p>\n<p>Ihr entwickelt einen eigenen Beitrag \u2013 ob Theater, Musik, Podcast, Film, Recherche oder Kunst \u2013 und zeigt Haltung. Ihr setzt die Akzente. Denn am Ende steht die \u00f6ffentliche Sichtbarkeit eurer Projekte im Zentrum. Ihr bringt eure Perspektiven dorthin, wo viele sie sehen und diskutieren: <strong>Am 26. Januar 2026 werden eure Beitr\u00e4ge bei der Ausstellungser\u00f6ffnung in der Wandelhalle des Abgeordnetenhauses pr\u00e4sentiert<\/strong>.<\/p>\n<p><strong>Eure Teilnahme<\/strong><\/p>\n<p>Jetzt<strong> <a href=\"https:\/\/denkmal-berlin.de\/jugendforum\/anmeldung-jugendforum\/\">anmelden<\/a><\/strong> und euer Interesse unverbindlich platzieren. Wer sich bis zum <strong>17. November<\/strong> eintr\u00e4gt, ist beim Auftakt dabei und erh\u00e4lt rechtzeitig alle Informationen zu Terminen und Ablauf. Euer Projekt muss bis zum Anmeldeschluss noch nicht fertig sein.<\/p>\n<p>Ihr seid eine Schulklasse, AG, Jugendgruppe oder arbeitet individuell? <strong>Alle Schulformen und au\u00dferschulischen Initiativen<\/strong> sind willkommen. Teilt den Aufruf gern mit Kolleginnen und Kollegen und Freundinnen und Freunden.<\/p>\n<p><strong>Fragen?<\/strong><\/p>\n<p><strong><img decoding=\"async\" class=\"emoji\" role=\"img\" src=\"https:\/\/s.w.org\/images\/core\/emoji\/16.0.1\/svg\/1f4e7.svg\" alt=\"&#x1f4e7;\" \/> <\/strong>denkmal@parlament-berlin.de<strong><br \/>\n<img decoding=\"async\" class=\"emoji\" role=\"img\" src=\"https:\/\/s.w.org\/images\/core\/emoji\/16.0.1\/svg\/1f4de.svg\" alt=\"&#x1f4de;\" \/> <\/strong>030 \/ 2325-2010<\/p>\n<p>&nbsp;<\/p>\n","protected":false},"excerpt":{"rendered":"<p>Auch 2026 l\u00e4dt das Abgeordnetenhaus von Berlin wieder junge Menschen zum Jugendforum denk!mal ein: Einem Ort, an dem<span class=\"excerpt_more\">weiterlesen&#8230;<\/span><\/p>\n","protected":false},"author":61,"featured_media":5105,"comment_status":"closed","ping_status":"open","sticky":false,"template":"","format":"standard","meta":{"footnotes":""},"categories":[44],"tags":[],"class_list":["post-5081","post","type-post","status-publish","format-standard","has-post-thumbnail","hentry","category-denkmal-2026"],"_links":{"self":[{"href":"https:\/\/denkmal-berlin.de\/jugendforum\/wp-json\/wp\/v2\/posts\/5081","targetHints":{"allow":["GET"]}}],"collection":[{"href":"https:\/\/denkmal-berlin.de\/jugendforum\/wp-json\/wp\/v2\/posts"}],"about":[{"href":"https:\/\/denkmal-berlin.de\/jugendforum\/wp-json\/wp\/v2\/types\/post"}],"author":[{"embeddable":true,"href":"https:\/\/denkmal-berlin.de\/jugendforum\/wp-json\/wp\/v2\/users\/61"}],"replies":[{"embeddable":true,"href":"https:\/\/denkmal-berlin.de\/jugendforum\/wp-json\/wp\/v2\/comments?post=5081"}],"version-history":[{"count":17,"href":"https:\/\/denkmal-berlin.de\/jugendforum\/wp-json\/wp\/v2\/posts\/5081\/revisions"}],"predecessor-version":[{"id":5103,"href":"https:\/\/denkmal-berlin.de\/jugendforum\/wp-json\/wp\/v2\/posts\/5081\/revisions\/5103"}],"wp:featuredmedia":[{"embeddable":true,"href":"https:\/\/denkmal-berlin.de\/jugendforum\/wp-json\/wp\/v2\/media\/5105"}],"wp:attachment":[{"href":"https:\/\/denkmal-berlin.de\/jugendforum\/wp-json\/wp\/v2\/media?parent=5081"}],"wp:term":[{"taxonomy":"category","embeddable":true,"href":"https:\/\/denkmal-berlin.de\/jugendforum\/wp-json\/wp\/v2\/categories?post=5081"},{"taxonomy":"post_tag","embeddable":true,"href":"https:\/\/denkmal-berlin.de\/jugendforum\/wp-json\/wp\/v2\/tags?post=5081"}],"curies":[{"name":"wp","href":"https:\/\/api.w.org\/{rel}","templated":true}]}}