{"id":5185,"date":"2025-12-11T15:49:43","date_gmt":"2025-12-11T14:49:43","guid":{"rendered":"https:\/\/denkmal-berlin.de\/jugendforum\/?p=5185"},"modified":"2025-12-11T15:55:40","modified_gmt":"2025-12-11T14:55:40","slug":"die-projektuebersicht-steht-jetzt-beginnt-die-naechste-phase","status":"publish","type":"post","link":"https:\/\/denkmal-berlin.de\/jugendforum\/die-projektuebersicht-steht-jetzt-beginnt-die-naechste-phase\/","title":{"rendered":"Die Projekt\u00fcbersicht steht \u2013 jetzt beginnt die n\u00e4chste Phase!"},"content":{"rendered":"\n<p>Nach den zahlreichen Anmeldungen haben wir alle eingereichten Projekte gesichtet und freuen uns sehr auf den n\u00e4chsten Schritt. In diesem Jahr d\u00fcrfen wir <strong>30 Projekte<\/strong> im Abgeordnetenhaus von Berlin begr\u00fc\u00dfen, von Grundschulen \u00fcber Berufsschulen bis hin zu au\u00dferschulischen sozialen Organisationen. Vielen Dank f\u00fcr die vielen beeindruckenden Beitr\u00e4ge!<\/p>\n\n\n\n<p>Die eingereichten Projekte sind ebenso vielf\u00e4ltig wie kreativ. Sie reichen von Plakaten, Biografien und Gedichten bis hin zu multimedialen Arbeiten, Theaterst\u00fccken und selbstgedrehten Videos. Eure Ideen zeigen eindrucksvoll, wie wichtig das Thema ist und wie stark die Verbindung zwischen Erinnerung und Gegenwart gestaltet werden kann. Jedes Projekt ist einzigartig und mit gro\u00dfer Sorgfalt umgesetzt. Daf\u00fcr sagen wir herzlich: <strong>Danke!<\/strong><\/p>\n\n\n\n<p>Die Vorbereitungen f\u00fcr die Ausstellungser\u00f6ffnung laufen bereits auf Hochtouren. In den kommenden Wochen erhaltet ihr weitere Informationen zum Ablauf sowie zur feierlichen Er\u00f6ffnung am <strong>26. Januar 2026<\/strong>. Wir m\u00f6chten au\u00dferdem alle Interessierten herzlich einladen, diese besondere Veranstaltung zu besuchen. Sie ist jedes Jahr ein bewegender Ort des Gedenkens und des gemeinsamen Erinnerns.<\/p>\n\n\n\n<p>Um die Vielfalt der Projekte zu w\u00fcrdigen, werden auch in diesem Jahr wieder Preise vergeben. Neben dem <strong>Jurypreis<\/strong> und dem <strong>Publikumspreis<\/strong> werden erstmals ein <strong>Performancepreis<\/strong> sowie ein <strong>Grundschulpreis<\/strong> verliehen. Die Jury, die eure Beitr\u00e4ge begutachten wird, stellen wir euch in K\u00fcrze ebenfalls vor.<\/p>\n\n\n\n<p>Nun w\u00fcnschen wir euch eine gute Zeit bis zu den Weihnachtsferien, zum Auftanken und Kraftsammeln f\u00fcr die n\u00e4chste Phase.<\/p>\n\n\n\n<p>Bei Fragen oder weiteren Anliegen erreicht ihr uns unter 030 \/ 2325-2010 oder per <a href=\"mailto:denkmal@parlament-berlin.de\">E-Mail<\/a>.<\/p>\n\n\n\n<figure><\/figure>\n","protected":false},"excerpt":{"rendered":"<p>Nach den zahlreichen Anmeldungen haben wir alle eingereichten Projekte gesichtet und freuen uns sehr auf den n\u00e4chsten Schritt.<span class=\"excerpt_more\">weiterlesen&#8230;<\/span><\/p>\n","protected":false},"author":61,"featured_media":5186,"comment_status":"closed","ping_status":"open","sticky":false,"template":"","format":"standard","meta":{"footnotes":""},"categories":[44],"tags":[],"class_list":["post-5185","post","type-post","status-publish","format-standard","has-post-thumbnail","hentry","category-denkmal-2026"],"_links":{"self":[{"href":"https:\/\/denkmal-berlin.de\/jugendforum\/wp-json\/wp\/v2\/posts\/5185","targetHints":{"allow":["GET"]}}],"collection":[{"href":"https:\/\/denkmal-berlin.de\/jugendforum\/wp-json\/wp\/v2\/posts"}],"about":[{"href":"https:\/\/denkmal-berlin.de\/jugendforum\/wp-json\/wp\/v2\/types\/post"}],"author":[{"embeddable":true,"href":"https:\/\/denkmal-berlin.de\/jugendforum\/wp-json\/wp\/v2\/users\/61"}],"replies":[{"embeddable":true,"href":"https:\/\/denkmal-berlin.de\/jugendforum\/wp-json\/wp\/v2\/comments?post=5185"}],"version-history":[{"count":3,"href":"https:\/\/denkmal-berlin.de\/jugendforum\/wp-json\/wp\/v2\/posts\/5185\/revisions"}],"predecessor-version":[{"id":5190,"href":"https:\/\/denkmal-berlin.de\/jugendforum\/wp-json\/wp\/v2\/posts\/5185\/revisions\/5190"}],"wp:featuredmedia":[{"embeddable":true,"href":"https:\/\/denkmal-berlin.de\/jugendforum\/wp-json\/wp\/v2\/media\/5186"}],"wp:attachment":[{"href":"https:\/\/denkmal-berlin.de\/jugendforum\/wp-json\/wp\/v2\/media?parent=5185"}],"wp:term":[{"taxonomy":"category","embeddable":true,"href":"https:\/\/denkmal-berlin.de\/jugendforum\/wp-json\/wp\/v2\/categories?post=5185"},{"taxonomy":"post_tag","embeddable":true,"href":"https:\/\/denkmal-berlin.de\/jugendforum\/wp-json\/wp\/v2\/tags?post=5185"}],"curies":[{"name":"wp","href":"https:\/\/api.w.org\/{rel}","templated":true}]}}